{"id":330,"date":"2023-04-03T12:00:00","date_gmt":"2023-04-03T12:00:00","guid":{"rendered":"https:\/\/www.solar-generator.tech\/?p=330"},"modified":"2023-04-27T13:46:17","modified_gmt":"2023-04-27T13:46:17","slug":"avis-bluetti-ac300","status":"publish","type":"post","link":"https:\/\/www.solar-generator.tech\/fr\/bluetti\/avis-bluetti-ac300\/","title":{"rendered":"Avis Bluetti\u00a0AC300\u00a0: le g\u00e9n\u00e9rateur \u00e9lectrique solaire modulaire qu\u2019il vous faut\u2009?"},"content":{"rendered":"\n<p>Dans la gamme des centrales \u00e9lectriques du fabricant Bluetti, la Bluetti AC300 est assez particuli\u00e8re. Il s\u2019agit en effet d\u2019une station modulaire. Une fois toutes ses unit\u00e9s combin\u00e9es, elle&nbsp;promet une puissance et une autonomie confortables, ainsi qu\u2019une large connectique.&nbsp;<\/p>\n\n\n\n<p>Cette station d\u2019\u00e9nergie \u00e9lectrique se destine aussi bien aux camping-caristes qu\u2019aux foyers recherchant une source d\u2019\u00e9nergie d\u2019appoint ou de secours. Mais vaut-elle vraiment les quelques milliers d\u2019euros n\u00e9cessaires pour son acquisition&nbsp;?<\/p>\n\n\n\n<h2 class=\"wp-block-heading\">Pr\u00e9sentation de la Power Station Bluetti&nbsp;AC300<\/h2>\n\n\n\n<p>La station \u00e9lectrique AC300 est un dispositif modulaire. Il est donc compos\u00e9 d\u2019<strong>une unit\u00e9 principale<\/strong> et d\u2019<strong>une ou plusieurs unit\u00e9s de batteries externes&nbsp;B300<\/strong> (jusqu\u2019\u00e0 4).&nbsp;&nbsp;<\/p>\n\n\n\n<p>Le g\u00e9n\u00e9rateur solaire portable est le cerveau de l\u2019ensemble. Il p\u00e8se 20&nbsp;kg pour une empreinte de 52\u00d732&nbsp;cm et une hauteur de 35&nbsp;cm. C\u2019est lui qui porte les onduleurs massifs, les circuits de charge, l\u2019\u00e9cran de contr\u00f4le, les grilles d\u2019a\u00e9ration et toutes les <strong>composantes intelligentes.<\/strong><\/p>\n\n\n\n<p>Quant aux unit\u00e9s B300, il s\u2019agit de batteries intelligentes pesant chacune 36,1 kg pour une empreinte de 52\u00d732&nbsp;cm et 27&nbsp;cm de hauteur. Elle assure le stockage de l\u2019\u00e9nergie \u00e9lectrique&nbsp;; le g\u00e9n\u00e9rateur ne peut donc fonctionner sans elle.&nbsp;<\/p>\n\n\n\n<p>La construction modulaire de cette Power station permet de <strong>transporter s\u00e9par\u00e9ment<\/strong> les unit\u00e9s. Ce qui est un point positif si l\u2019on tient compte du poids de chacune d\u2019elles. De plus, leur transport est facilit\u00e9 par des <strong>poign\u00e9es lat\u00e9rales <\/strong>moul\u00e9es dans les bo\u00eetiers.<\/p>\n\n\n\n<p>En revanche, cela rend le syst\u00e8me plus encombrant. Un encombrement qui peut toutefois \u00eatre r\u00e9duit si vous disposez de suffisamment d\u2019espace en hauteur pour <strong>empiler les unit\u00e9s<\/strong>.<\/p>\n\n\n\n<p>&nbsp;Les principaux \u00e9l\u00e9ments de la connectique se trouvent sur l\u2019unit\u00e9&nbsp;AC300, mais il y en a \u00e9galement sur la B300. Ils sont prot\u00e9g\u00e9s par un <strong>bouchon en caoutchouc.<\/strong><\/p>\n\n\n\n<h2 class=\"wp-block-heading\">Caract\u00e9ristiques du g\u00e9n\u00e9rateur Bluetti&nbsp;AC300<\/h2>\n\n\n\n<p>Afin d\u2019\u00e9valuer les performances de la Bluetti\u00a0AC300, nous nous sommes pench\u00e9s sur ses principales caract\u00e9ristiques.<\/p>\n\n\n\n<div class=\"wp-block-buttons is-content-justification-center is-layout-flex wp-container-core-buttons-is-layout-16018d1d wp-block-buttons-is-layout-flex\">\n<div class=\"wp-block-button is-style-fill\"><a class=\"wp-block-button__link has-accent-background-color has-background wp-element-button\" href=\"https:\/\/www.solar-generator.tech\/go\/Bluetti-AC300\" target=\"_blank\" rel=\"noreferrer noopener\">Voir les caract\u00e9ristiques techniques de la Bluetti AC300<\/a><\/div>\n<\/div>\n\n\n\n<figure class=\"wp-block-image size-full\"><img loading=\"lazy\" decoding=\"async\" width=\"800\" height=\"600\" src=\"https:\/\/www.solar-generator.tech\/wp-content\/uploads\/2023\/04\/Bluetti-AC300.jpeg\" alt=\"Caract\u00e9ristiques du g\u00e9n\u00e9rateur Bluetti\u00a0AC300\" class=\"wp-image-332\" srcset=\"https:\/\/www.solar-generator.tech\/wp-content\/uploads\/2023\/04\/Bluetti-AC300.jpeg 800w, https:\/\/www.solar-generator.tech\/wp-content\/uploads\/2023\/04\/Bluetti-AC300-300x225.jpeg 300w, https:\/\/www.solar-generator.tech\/wp-content\/uploads\/2023\/04\/Bluetti-AC300-768x576.jpeg 768w, https:\/\/www.solar-generator.tech\/wp-content\/uploads\/2023\/04\/Bluetti-AC300-16x12.jpeg 16w\" sizes=\"auto, (max-width: 800px) 100vw, 800px\" \/><\/figure>\n\n\n\n<h3 class=\"wp-block-heading\">De la puissance \u00e0 volont\u00e9<\/h3>\n\n\n\n<p>L\u2019unit\u00e9&nbsp;AC300 est dot\u00e9e d\u2019un <strong>onduleur \u00e0 onde sinuso\u00efdale pure<\/strong> <strong>de 3000&nbsp;W-6000 W<\/strong>.&nbsp;Avec une telle puissance, le g\u00e9n\u00e9rateur est en mesure d\u2019alimenter l\u2019essentiel des appareils \u00e9lectrom\u00e9nagers et \u00e9lectroniques usuels.<\/p>\n\n\n\n<p>Vous disposez par exemple de&nbsp;:<\/p>\n\n\n\n<ul class=\"wp-block-list\">\n<li>330 charges pour un smartphone\u2009;<\/li>\n\n\n\n<li>100 charges pour un ordinateur portable\u2009;<\/li>\n\n\n\n<li>30&nbsp;h d\u2019alimentation pour un r\u00e9frig\u00e9rateur.<\/li>\n<\/ul>\n\n\n\n<p>Cependant, on aurait souhait\u00e9 avoir un <strong>IPCR<\/strong> moins important. Il s\u2019agit de la quantit\u00e9 d\u2019\u00e9nergie qu\u2019utilise l\u2019onduleur pour rester allum\u00e9. Il est de 64&nbsp;W et peut atteindre les 100&nbsp;W lorsque le r\u00e9cepteur Bluetooth est allum\u00e9. Sur 24&nbsp;heures, cela revient \u00e0 utiliser 1536&nbsp;Wh (environ la moiti\u00e9) de la capacit\u00e9 batterie. Cet IPCR <strong>r\u00e9duit donc significativement<\/strong> <strong>l\u2019autonomie de la B300<\/strong>.<\/p>\n\n\n\n<p>Le fabricant gagnerait \u00e9galement \u00e0 revoir le m\u00e9canisme d<strong>\u2019arr\u00eat<\/strong> <strong>automatique<\/strong>. En effet, le g\u00e9n\u00e9rateur ne s\u2019\u00e9teint automatiquement qu\u2019au bout de 8&nbsp;heures sans utilisation. Apr\u00e8s une telle dur\u00e9e, ce sont 512&nbsp;Wh, soit environ 17&nbsp;% de la capacit\u00e9 batterie qui est d\u00e9j\u00e0 utilis\u00e9e. Il s\u2019agit d\u2019une perte d\u2019\u00e9nergie cons\u00e9quente.&nbsp;<\/p>\n\n\n\n<p>Un d\u00e9lai plus court est donc souhaitable pour que cette fonction ait toute son utilit\u00e9.<\/p>\n\n\n\n<h3 class=\"wp-block-heading\">Large connectique pour r\u00e9pondre tous les besoins<\/h3>\n\n\n\n<p>En mati\u00e8re de connectique, l\u2019unit\u00e9&nbsp;AC300 propose 16 ports de sortie&nbsp;:<\/p>\n\n\n\n<ul class=\"wp-block-list\">\n<li>6 prises AC (courant continu) 220&nbsp;V&nbsp;20A (sur le mod\u00e8le britannique) ou 110V&nbsp;;<\/li>\n\n\n\n<li>1 port de voiture&nbsp;24V 10A\u2009;<\/li>\n\n\n\n<li>1 sortie RV&nbsp;12V 30A\u2009;<\/li>\n\n\n\n<li>1 port USB-C 100&nbsp;W\u2009;<\/li>\n\n\n\n<li>2 ports USB-A 5V 2A&nbsp;;<\/li>\n\n\n\n<li>2 ports USB-A 18&nbsp;W charge rapide\u2009;<\/li>\n\n\n\n<li>2 pads de charge Qi sans fil 15&nbsp;W.<\/li>\n<\/ul>\n\n\n\n<p>Pour contr\u00f4ler (activer et d\u00e9sactiver) ces diff\u00e9rents ports, il suffit d\u2019utiliser <strong>l\u2019\u00e9cran tactile.<\/strong>&nbsp;<\/p>\n\n\n\n<p>En plus de ces ports de sortie, l\u2019unit\u00e9 de batterie&nbsp;B300 en poss\u00e8de 3&nbsp;autres&nbsp;:<\/p>\n\n\n\n<ul class=\"wp-block-list\">\n<li>1 port de voiture&nbsp;12V\u2009;<\/li>\n\n\n\n<li>1 port USB-C&nbsp;100W PD\u2009;<\/li>\n\n\n\n<li>1 port USB-A 18&nbsp;W charge rapide.<\/li>\n<\/ul>\n\n\n\n<p>Leur contr\u00f4le se fait \u00e0 partir d\u2019un <strong>commutateur commun <\/strong>situ\u00e9 \u00e0 l\u2019avant de la B300. Vous ne pouvez donc pas les activer\/d\u00e9sactiver \u00e0 partir de l\u2019unit\u00e9 AC300.<\/p>\n\n\n\n<h3 class=\"wp-block-heading\">De l\u2019autonomie extensible \u00e0 volont\u00e9<\/h3>\n\n\n\n<p>Chaque unit\u00e9 de batterie externe&nbsp;B300 est constitu\u00e9e de <strong>cellules&nbsp;LiFePO4<\/strong> qui offrent jusqu\u2019\u00e0 3500&nbsp;cycles de charge \u00e0 100 %. Avec une capacit\u00e9 nominale de base de <strong>3074<\/strong>&nbsp;<strong>Wh<\/strong>, ce type de batterie peut donc, apr\u00e8s 10 ans d\u2019utilisation offrir encore une capacit\u00e9 d\u2019environ 2&nbsp;500 Wh&nbsp;! Elle vous sera donc bien utile pendant de longues ann\u00e9es.<\/p>\n\n\n\n<p>Comme indiqu\u00e9 plus haut, il est possible de connecter l\u2019unit\u00e9&nbsp;AC300 \u00e0 un maximum de 4&nbsp;batteries&nbsp;B300. Cela permet de cumuler ainsi une capacit\u00e9 de charge de <strong>12<\/strong><strong>\u2009<\/strong><strong>296&nbsp;Wh&nbsp;!&nbsp;<\/strong><\/p>\n\n\n\n<p>Et ce n\u2019est pas tout\u2009! Vous pouvez \u00e9galement connecter 2&nbsp;unit\u00e9s&nbsp;AC300 entre elles, et ajouter ainsi 4&nbsp;batteries&nbsp;B300 au syst\u00e8me. Vous passerez alors de 12\u2009296&nbsp;Wh \u00e0 <strong>24<\/strong><strong>\u2009<\/strong><strong>592&nbsp;Wh<\/strong>&nbsp;!<\/p>\n\n\n\n<p>Point int\u00e9ressant, les smart batteries B300 peuvent fonctionner ind\u00e9pendamment de l\u2019unit\u00e9&nbsp;AC300. Vous pouvez donc vous en contenter si l\u2019AC300 est en panne ou si vous disposez de peu d\u2019espace. Cependant, elle reste limit\u00e9e en mati\u00e8re de connectique et ne poss\u00e8de pas d\u2019\u00e9cran tactile.<\/p>\n\n\n\n<div class=\"wp-block-media-text alignwide is-stacked-on-mobile\"><figure class=\"wp-block-media-text__media\"><img loading=\"lazy\" decoding=\"async\" width=\"800\" height=\"500\" src=\"https:\/\/www.solar-generator.tech\/wp-content\/uploads\/2023\/04\/Bluetti-AC300-2.jpeg\" alt=\"De l\u2019autonomie extensible \u00e0 volont\u00e9 pour votre Bluetti AC300\" class=\"wp-image-333 size-full\" srcset=\"https:\/\/www.solar-generator.tech\/wp-content\/uploads\/2023\/04\/Bluetti-AC300-2.jpeg 800w, https:\/\/www.solar-generator.tech\/wp-content\/uploads\/2023\/04\/Bluetti-AC300-2-300x188.jpeg 300w, https:\/\/www.solar-generator.tech\/wp-content\/uploads\/2023\/04\/Bluetti-AC300-2-768x480.jpeg 768w, https:\/\/www.solar-generator.tech\/wp-content\/uploads\/2023\/04\/Bluetti-AC300-2-18x12.jpeg 18w\" sizes=\"auto, (max-width: 800px) 100vw, 800px\" \/><\/figure><div class=\"wp-block-media-text__content\">\n<p>Pour recharger votre centrale \u00e9lectrique, vous avez le choix entre&nbsp;:<\/p>\n\n\n\n<ul class=\"wp-block-list\">\n<li>Les panneaux solaires (2 panneaux 350&nbsp;W + 1&nbsp;panneau 200&nbsp;W)\u2009;<\/li>\n\n\n\n<li>Les prises murales domestiques\u2009;<\/li>\n\n\n\n<li>Un allume-cigare&nbsp;24V\/12V.<\/li>\n<\/ul>\n<\/div><\/div>\n\n\n\n<p>Ces m\u00e9thodes vous permettent respectivement de charger votre appareil en 3-4&nbsp;h, 5&nbsp;h et 10\/20 h. La charge solaire \u00e0 900&nbsp;W est donc la plus rapide, suivie de la recharge par prise murale. Lorsque vous optez pour les panneaux solaires, les <strong>contr\u00f4leurs MPPT <\/strong>optimisent la charge.&nbsp;<\/p>\n\n\n\n<p>\u00c0 noter qu\u2019en connectant deux modules&nbsp;B300 \u00e0 votre unit\u00e9&nbsp;AC300, vous pouvez utiliser simultan\u00e9ment la charge solaire et la charge par prise murale AC.<\/p>\n\n\n\n<h3 class=\"wp-block-heading\">L\u2019\u00e9cran LCD et l\u2019application<\/h3>\n\n\n\n<p>L\u2019\u00e9cran tactile de la Bluetti&nbsp;AC300 est grand, r\u00e9actif, color\u00e9 avec une <strong>bonne luminosit\u00e9<\/strong>. Cependant, si l\u2019affichage principal fournit des informations importantes sur les entr\u00e9es et les sorties, il ne pr\u00e9cise pas la capacit\u00e9 de batterie restante.<\/p>\n\n\n\n<p>Vous disposez \u00e9galement d\u2019un <strong>menu<\/strong> avec des options concernant la ventilation, la tension \u00e9lectrique des contr\u00f4leurs MPPT, l\u2019\u00e9tat de la B300, etc. Quant \u00e0 l\u2019application mobile de Bluetti, elle se connecte au g\u00e9n\u00e9rateur via <strong>Bluetooth ou Wifi<\/strong>. Elle offre moins d\u2019options que l\u2019\u00e9cran LCD, mais propose l\u2019essentiel dont vous pouvez avoir besoin.<\/p>\n\n\n\n<h2 class=\"wp-block-heading\">Points forts et points faibles de l\u2019appareil<\/h2>\n\n\n\n<h3 class=\"wp-block-heading\">Les plus<\/h3>\n\n\n\n<ul class=\"wp-block-list\">\n<li>Sa construction modulaire\u2009;<\/li>\n\n\n\n<li>Ses modes de recharge&nbsp;vari\u00e9s\u2009;<\/li>\n\n\n\n<li>Sa connectique large et vari\u00e9e\u2009;<\/li>\n\n\n\n<li>Sa batterie performante et avanc\u00e9e\u2009;<\/li>\n\n\n\n<li>Son contr\u00f4le intelligent \u00e0 l\u2019aide de l\u2019appli mobile\u2009;<\/li>\n\n\n\n<li>Sa grande puissance et sa capacit\u00e9 de charge extensible.<\/li>\n<\/ul>\n\n\n\n<h3 class=\"wp-block-heading\">Les moins<\/h3>\n\n\n\n<ul class=\"wp-block-list\">\n<li>Son IPCR \u00e9lev\u00e9\u2009;<\/li>\n\n\n\n<li>Son encombrement\u2009;<\/li>\n\n\n\n<li>Son \u00e9cran LCD un peu limit\u00e9.<\/li>\n\n\n\n<li>Son prix<\/li>\n<\/ul>\n\n\n\n<div class=\"wp-block-buttons is-content-justification-center is-layout-flex wp-container-core-buttons-is-layout-16018d1d wp-block-buttons-is-layout-flex\">\n<div class=\"wp-block-button is-style-fill\"><a class=\"wp-block-button__link has-accent-background-color has-background wp-element-button\" href=\"https:\/\/www.solar-generator.tech\/go\/Bluetti-AC300\" target=\"_blank\" rel=\"noreferrer noopener\">Acheter la Bluetti AC300<\/a><\/div>\n<\/div>\n\n\n\n<h2 class=\"wp-block-heading\">Notre avis final sur la Bluetti&nbsp;AC300<\/h2>\n\n\n\n<p>L\u2019extensibilit\u00e9 de la capacit\u00e9 batterie est sans doute le plus gros atout la plus grande force de la station d\u2019\u00e9nergie \u00e9lectrique domestique Bluetti&nbsp;AC300. Avec ses nombreuses sorties et sa puissance, elle peut alimenter tous vos appareils sur une longue dur\u00e9e. Et gr\u00e2ce \u00e0 la technologie&nbsp;LiFePO4, vous pourrez profiter de la m\u00eame performance batterie pendant environ 10&nbsp;ans. La Bluetti&nbsp;AC300 est donc un excellent choix pour alimenter votre camping-car ou votre domicile.<\/p>\n\n\n\n<div class=\"wp-block-buttons is-content-justification-center is-layout-flex wp-container-core-buttons-is-layout-16018d1d wp-block-buttons-is-layout-flex\">\n<div class=\"wp-block-button is-style-fill\"><a class=\"wp-block-button__link has-accent-background-color has-background wp-element-button\" href=\"https:\/\/www.solar-generator.tech\/go\/Bluetti-AC300\" target=\"_blank\" rel=\"noreferrer noopener\">Acheter la Bluetti AC300<\/a><\/div>\n<\/div>\n","protected":false},"excerpt":{"rendered":"<p>Dans la gamme des centrales \u00e9lectriques du fabricant Bluetti, la Bluetti AC300 est assez particuli\u00e8re. Il s\u2019agit en effet d\u2019une station modulaire. Une fois toutes ses unit\u00e9s combin\u00e9es, elle&nbsp;promet une puissance et une autonomie confortables, ainsi qu\u2019une large connectique.&nbsp; Cette station d\u2019\u00e9nergie \u00e9lectrique se destine aussi bien aux camping-caristes qu\u2019aux foyers recherchant une source d\u2019\u00e9nergie &#8230; <a title=\"Avis Bluetti\u00a0AC300\u00a0: le g\u00e9n\u00e9rateur \u00e9lectrique solaire modulaire qu\u2019il vous faut\u2009?\" class=\"read-more\" href=\"https:\/\/www.solar-generator.tech\/fr\/bluetti\/avis-bluetti-ac300\/\" aria-label=\"En savoir plus sur Avis Bluetti\u00a0AC300\u00a0: le g\u00e9n\u00e9rateur \u00e9lectrique solaire modulaire qu\u2019il vous faut\u2009?\">Lire la suite<\/a><\/p>\n","protected":false},"author":3,"featured_media":331,"comment_status":"open","ping_status":"open","sticky":false,"template":"","format":"standard","meta":{"footnotes":""},"categories":[4],"tags":[],"class_list":["post-330","post","type-post","status-publish","format-standard","has-post-thumbnail","hentry","category-bluetti"],"yoast_head":"<!-- This site is optimized with the Yoast SEO plugin v23.4 - https:\/\/yoast.com\/wordpress\/plugins\/seo\/ -->\n<title>Avis Bluetti\u00a0AC300\u00a0: le g\u00e9n\u00e9rateur \u00e9lectrique solaire modulaire qu\u2019il vous faut\u2009? - Solar Generator<\/title>\n<meta name=\"description\" content=\"D\u00e9couvrez dans cet article notre avis de la Bluetti AC300 : que vaut-elle vraiment et faut-il se la procurer ?\" \/>\n<meta name=\"robots\" content=\"index, follow, max-snippet:-1, max-image-preview:large, max-video-preview:-1\" \/>\n<link rel=\"canonical\" href=\"https:\/\/www.solar-generator.tech\/fr\/bluetti\/avis-bluetti-ac300\/\" \/>\n<meta property=\"og:locale\" content=\"fr_FR\" \/>\n<meta property=\"og:type\" content=\"article\" \/>\n<meta property=\"og:title\" content=\"Avis Bluetti\u00a0AC300\u00a0: le g\u00e9n\u00e9rateur \u00e9lectrique solaire modulaire qu\u2019il vous faut\u2009? - Solar Generator\" \/>\n<meta property=\"og:description\" content=\"D\u00e9couvrez dans cet article notre avis de la Bluetti AC300 : que vaut-elle vraiment et faut-il se la procurer ?\" \/>\n<meta property=\"og:url\" content=\"https:\/\/www.solar-generator.tech\/fr\/bluetti\/avis-bluetti-ac300\/\" \/>\n<meta property=\"og:site_name\" content=\"Solar Generator\" \/>\n<meta property=\"article:published_time\" content=\"2023-04-03T12:00:00+00:00\" \/>\n<meta property=\"article:modified_time\" content=\"2023-04-27T13:46:17+00:00\" \/>\n<meta property=\"og:image\" content=\"https:\/\/www.solar-generator.tech\/wp-content\/uploads\/2023\/04\/AC300-BLUETTI_AC300.jpg\" \/>\n\t<meta property=\"og:image:width\" content=\"600\" \/>\n\t<meta property=\"og:image:height\" content=\"600\" \/>\n\t<meta property=\"og:image:type\" content=\"image\/jpeg\" \/>\n<meta name=\"author\" content=\"Eddy Campbell\" \/>\n<meta name=\"twitter:card\" content=\"summary_large_image\" \/>\n<meta name=\"twitter:label1\" content=\"\u00c9crit par\" \/>\n\t<meta name=\"twitter:data1\" content=\"Eddy Campbell\" \/>\n\t<meta name=\"twitter:label2\" content=\"Dur\u00e9e de lecture estim\u00e9e\" \/>\n\t<meta name=\"twitter:data2\" content=\"7 minutes\" \/>\n<script type=\"application\/ld+json\" class=\"yoast-schema-graph\">{\"@context\":\"https:\/\/schema.org\",\"@graph\":[{\"@type\":\"Article\",\"@id\":\"https:\/\/www.solar-generator.tech\/bluetti\/avis-bluetti-ac300\/#article\",\"isPartOf\":{\"@id\":\"https:\/\/www.solar-generator.tech\/bluetti\/avis-bluetti-ac300\/\"},\"author\":{\"name\":\"Eddy Campbell\",\"@id\":\"http:\/\/www.solar-generator.tech\/fr\/#\/schema\/person\/bbf07b80c3dbf72bee9f3b2806dd7222\"},\"headline\":\"Avis Bluetti\u00a0AC300\u00a0: le g\u00e9n\u00e9rateur \u00e9lectrique solaire modulaire qu\u2019il vous faut\u2009?\",\"datePublished\":\"2023-04-03T12:00:00+00:00\",\"dateModified\":\"2023-04-27T13:46:17+00:00\",\"mainEntityOfPage\":{\"@id\":\"https:\/\/www.solar-generator.tech\/bluetti\/avis-bluetti-ac300\/\"},\"wordCount\":1336,\"commentCount\":1,\"publisher\":{\"@id\":\"http:\/\/www.solar-generator.tech\/fr\/#organization\"},\"image\":{\"@id\":\"https:\/\/www.solar-generator.tech\/bluetti\/avis-bluetti-ac300\/#primaryimage\"},\"thumbnailUrl\":\"https:\/\/www.solar-generator.tech\/wp-content\/uploads\/2023\/04\/AC300-BLUETTI_AC300.jpg\",\"articleSection\":[\"Bluetti\"],\"inLanguage\":\"fr-FR\",\"potentialAction\":[{\"@type\":\"CommentAction\",\"name\":\"Comment\",\"target\":[\"https:\/\/www.solar-generator.tech\/bluetti\/avis-bluetti-ac300\/#respond\"]}]},{\"@type\":\"WebPage\",\"@id\":\"https:\/\/www.solar-generator.tech\/bluetti\/avis-bluetti-ac300\/\",\"url\":\"https:\/\/www.solar-generator.tech\/bluetti\/avis-bluetti-ac300\/\",\"name\":\"Avis Bluetti\u00a0AC300\u00a0: le g\u00e9n\u00e9rateur \u00e9lectrique solaire modulaire qu\u2019il vous faut\u2009? - Solar Generator\",\"isPartOf\":{\"@id\":\"http:\/\/www.solar-generator.tech\/fr\/#website\"},\"primaryImageOfPage\":{\"@id\":\"https:\/\/www.solar-generator.tech\/bluetti\/avis-bluetti-ac300\/#primaryimage\"},\"image\":{\"@id\":\"https:\/\/www.solar-generator.tech\/bluetti\/avis-bluetti-ac300\/#primaryimage\"},\"thumbnailUrl\":\"https:\/\/www.solar-generator.tech\/wp-content\/uploads\/2023\/04\/AC300-BLUETTI_AC300.jpg\",\"datePublished\":\"2023-04-03T12:00:00+00:00\",\"dateModified\":\"2023-04-27T13:46:17+00:00\",\"description\":\"D\u00e9couvrez dans cet article notre avis de la Bluetti AC300 : que vaut-elle vraiment et faut-il se la procurer ?\",\"breadcrumb\":{\"@id\":\"https:\/\/www.solar-generator.tech\/bluetti\/avis-bluetti-ac300\/#breadcrumb\"},\"inLanguage\":\"fr-FR\",\"potentialAction\":[{\"@type\":\"ReadAction\",\"target\":[\"https:\/\/www.solar-generator.tech\/bluetti\/avis-bluetti-ac300\/\"]}]},{\"@type\":\"ImageObject\",\"inLanguage\":\"fr-FR\",\"@id\":\"https:\/\/www.solar-generator.tech\/bluetti\/avis-bluetti-ac300\/#primaryimage\",\"url\":\"https:\/\/www.solar-generator.tech\/wp-content\/uploads\/2023\/04\/AC300-BLUETTI_AC300.jpg\",\"contentUrl\":\"https:\/\/www.solar-generator.tech\/wp-content\/uploads\/2023\/04\/AC300-BLUETTI_AC300.jpg\",\"width\":600,\"height\":600,\"caption\":\"Avis Bluetti\u00a0AC300\u00a0: le g\u00e9n\u00e9rateur \u00e9lectrique solaire modulaire qu\u2019il vous faut\u2009?\"},{\"@type\":\"BreadcrumbList\",\"@id\":\"https:\/\/www.solar-generator.tech\/bluetti\/avis-bluetti-ac300\/#breadcrumb\",\"itemListElement\":[{\"@type\":\"ListItem\",\"position\":1,\"name\":\"Accueil\",\"item\":\"https:\/\/www.solar-generator.tech\/\"},{\"@type\":\"ListItem\",\"position\":2,\"name\":\"Bluetti\",\"item\":\"https:\/\/www.solar-generator.tech\/en\/bluetti\/\"},{\"@type\":\"ListItem\",\"position\":3,\"name\":\"Avis Bluetti\u00a0AC300\u00a0: le g\u00e9n\u00e9rateur \u00e9lectrique solaire modulaire qu\u2019il vous faut\u2009?\"}]},{\"@type\":\"WebSite\",\"@id\":\"http:\/\/www.solar-generator.tech\/fr\/#website\",\"url\":\"http:\/\/www.solar-generator.tech\/fr\/\",\"name\":\"Solar Generator\",\"description\":\"La r\u00e9f\u00e9rence sur le g\u00e9n\u00e9rateur solaire\",\"publisher\":{\"@id\":\"http:\/\/www.solar-generator.tech\/fr\/#organization\"},\"potentialAction\":[{\"@type\":\"SearchAction\",\"target\":{\"@type\":\"EntryPoint\",\"urlTemplate\":\"http:\/\/www.solar-generator.tech\/fr\/?s={search_term_string}\"},\"query-input\":{\"@type\":\"PropertyValueSpecification\",\"valueRequired\":true,\"valueName\":\"search_term_string\"}}],\"inLanguage\":\"fr-FR\"},{\"@type\":\"Organization\",\"@id\":\"http:\/\/www.solar-generator.tech\/fr\/#organization\",\"name\":\"Solar Generator\",\"url\":\"http:\/\/www.solar-generator.tech\/fr\/\",\"logo\":{\"@type\":\"ImageObject\",\"inLanguage\":\"fr-FR\",\"@id\":\"http:\/\/www.solar-generator.tech\/fr\/#\/schema\/logo\/image\/\",\"url\":\"https:\/\/www.solar-generator.tech\/wp-content\/uploads\/2022\/11\/favicon-1.png\",\"contentUrl\":\"https:\/\/www.solar-generator.tech\/wp-content\/uploads\/2022\/11\/favicon-1.png\",\"width\":81,\"height\":81,\"caption\":\"Solar Generator\"},\"image\":{\"@id\":\"http:\/\/www.solar-generator.tech\/fr\/#\/schema\/logo\/image\/\"}},{\"@type\":\"Person\",\"@id\":\"http:\/\/www.solar-generator.tech\/fr\/#\/schema\/person\/bbf07b80c3dbf72bee9f3b2806dd7222\",\"name\":\"Eddy Campbell\",\"image\":{\"@type\":\"ImageObject\",\"inLanguage\":\"fr-FR\",\"@id\":\"http:\/\/www.solar-generator.tech\/fr\/#\/schema\/person\/image\/\",\"url\":\"https:\/\/secure.gravatar.com\/avatar\/5e15f5dfd30b8784b340777a7b9ac599eeccadca38c454f4be87a028c0f1d990?s=96&d=mm&r=g\",\"contentUrl\":\"https:\/\/secure.gravatar.com\/avatar\/5e15f5dfd30b8784b340777a7b9ac599eeccadca38c454f4be87a028c0f1d990?s=96&d=mm&r=g\",\"caption\":\"Eddy Campbell\"},\"description\":\"Passionn\u00e9 et empli d'envie d'en d\u00e9couvrir toujours plus sur le sujet, j'ai d\u00e9couvert l'energie solaire il y a maintenant quelques ann\u00e9e. Depuis, je ne cesse de vouloir toujours en savoir plus et me documenter au maximum sur le sujet. Je profite de ce site pour partager mes connaissances et exp\u00e9riences.\",\"sameAs\":[\"https:\/\/www.solar-generator.tech\"],\"url\":\"https:\/\/www.solar-generator.tech\/fr\/author\/eddy\/\"}]}<\/script>\n<!-- \/ Yoast SEO plugin. -->","yoast_head_json":{"title":"Avis Bluetti\u00a0AC300\u00a0: le g\u00e9n\u00e9rateur \u00e9lectrique solaire modulaire qu\u2019il vous faut\u2009? - Solar Generator","description":"D\u00e9couvrez dans cet article notre avis de la Bluetti AC300 : que vaut-elle vraiment et faut-il se la procurer ?","robots":{"index":"index","follow":"follow","max-snippet":"max-snippet:-1","max-image-preview":"max-image-preview:large","max-video-preview":"max-video-preview:-1"},"canonical":"https:\/\/www.solar-generator.tech\/fr\/bluetti\/avis-bluetti-ac300\/","og_locale":"fr_FR","og_type":"article","og_title":"Avis Bluetti\u00a0AC300\u00a0: le g\u00e9n\u00e9rateur \u00e9lectrique solaire modulaire qu\u2019il vous faut\u2009? - Solar Generator","og_description":"D\u00e9couvrez dans cet article notre avis de la Bluetti AC300 : que vaut-elle vraiment et faut-il se la procurer ?","og_url":"https:\/\/www.solar-generator.tech\/fr\/bluetti\/avis-bluetti-ac300\/","og_site_name":"Solar Generator","article_published_time":"2023-04-03T12:00:00+00:00","article_modified_time":"2023-04-27T13:46:17+00:00","og_image":[{"width":600,"height":600,"url":"https:\/\/www.solar-generator.tech\/wp-content\/uploads\/2023\/04\/AC300-BLUETTI_AC300.jpg","type":"image\/jpeg"}],"author":"Eddy Campbell","twitter_card":"summary_large_image","twitter_misc":{"\u00c9crit par":"Eddy Campbell","Dur\u00e9e de lecture estim\u00e9e":"7 minutes"},"schema":{"@context":"https:\/\/schema.org","@graph":[{"@type":"Article","@id":"https:\/\/www.solar-generator.tech\/bluetti\/avis-bluetti-ac300\/#article","isPartOf":{"@id":"https:\/\/www.solar-generator.tech\/bluetti\/avis-bluetti-ac300\/"},"author":{"name":"Eddy Campbell","@id":"http:\/\/www.solar-generator.tech\/fr\/#\/schema\/person\/bbf07b80c3dbf72bee9f3b2806dd7222"},"headline":"Avis Bluetti\u00a0AC300\u00a0: le g\u00e9n\u00e9rateur \u00e9lectrique solaire modulaire qu\u2019il vous faut\u2009?","datePublished":"2023-04-03T12:00:00+00:00","dateModified":"2023-04-27T13:46:17+00:00","mainEntityOfPage":{"@id":"https:\/\/www.solar-generator.tech\/bluetti\/avis-bluetti-ac300\/"},"wordCount":1336,"commentCount":1,"publisher":{"@id":"http:\/\/www.solar-generator.tech\/fr\/#organization"},"image":{"@id":"https:\/\/www.solar-generator.tech\/bluetti\/avis-bluetti-ac300\/#primaryimage"},"thumbnailUrl":"https:\/\/www.solar-generator.tech\/wp-content\/uploads\/2023\/04\/AC300-BLUETTI_AC300.jpg","articleSection":["Bluetti"],"inLanguage":"fr-FR","potentialAction":[{"@type":"CommentAction","name":"Comment","target":["https:\/\/www.solar-generator.tech\/bluetti\/avis-bluetti-ac300\/#respond"]}]},{"@type":"WebPage","@id":"https:\/\/www.solar-generator.tech\/bluetti\/avis-bluetti-ac300\/","url":"https:\/\/www.solar-generator.tech\/bluetti\/avis-bluetti-ac300\/","name":"Avis Bluetti\u00a0AC300\u00a0: le g\u00e9n\u00e9rateur \u00e9lectrique solaire modulaire qu\u2019il vous faut\u2009? - Solar Generator","isPartOf":{"@id":"http:\/\/www.solar-generator.tech\/fr\/#website"},"primaryImageOfPage":{"@id":"https:\/\/www.solar-generator.tech\/bluetti\/avis-bluetti-ac300\/#primaryimage"},"image":{"@id":"https:\/\/www.solar-generator.tech\/bluetti\/avis-bluetti-ac300\/#primaryimage"},"thumbnailUrl":"https:\/\/www.solar-generator.tech\/wp-content\/uploads\/2023\/04\/AC300-BLUETTI_AC300.jpg","datePublished":"2023-04-03T12:00:00+00:00","dateModified":"2023-04-27T13:46:17+00:00","description":"D\u00e9couvrez dans cet article notre avis de la Bluetti AC300 : que vaut-elle vraiment et faut-il se la procurer ?","breadcrumb":{"@id":"https:\/\/www.solar-generator.tech\/bluetti\/avis-bluetti-ac300\/#breadcrumb"},"inLanguage":"fr-FR","potentialAction":[{"@type":"ReadAction","target":["https:\/\/www.solar-generator.tech\/bluetti\/avis-bluetti-ac300\/"]}]},{"@type":"ImageObject","inLanguage":"fr-FR","@id":"https:\/\/www.solar-generator.tech\/bluetti\/avis-bluetti-ac300\/#primaryimage","url":"https:\/\/www.solar-generator.tech\/wp-content\/uploads\/2023\/04\/AC300-BLUETTI_AC300.jpg","contentUrl":"https:\/\/www.solar-generator.tech\/wp-content\/uploads\/2023\/04\/AC300-BLUETTI_AC300.jpg","width":600,"height":600,"caption":"Avis Bluetti\u00a0AC300\u00a0: le g\u00e9n\u00e9rateur \u00e9lectrique solaire modulaire qu\u2019il vous faut\u2009?"},{"@type":"BreadcrumbList","@id":"https:\/\/www.solar-generator.tech\/bluetti\/avis-bluetti-ac300\/#breadcrumb","itemListElement":[{"@type":"ListItem","position":1,"name":"Accueil","item":"https:\/\/www.solar-generator.tech\/"},{"@type":"ListItem","position":2,"name":"Bluetti","item":"https:\/\/www.solar-generator.tech\/en\/bluetti\/"},{"@type":"ListItem","position":3,"name":"Avis Bluetti\u00a0AC300\u00a0: le g\u00e9n\u00e9rateur \u00e9lectrique solaire modulaire qu\u2019il vous faut\u2009?"}]},{"@type":"WebSite","@id":"http:\/\/www.solar-generator.tech\/fr\/#website","url":"http:\/\/www.solar-generator.tech\/fr\/","name":"Solar Generator","description":"La r\u00e9f\u00e9rence sur le g\u00e9n\u00e9rateur solaire","publisher":{"@id":"http:\/\/www.solar-generator.tech\/fr\/#organization"},"potentialAction":[{"@type":"SearchAction","target":{"@type":"EntryPoint","urlTemplate":"http:\/\/www.solar-generator.tech\/fr\/?s={search_term_string}"},"query-input":{"@type":"PropertyValueSpecification","valueRequired":true,"valueName":"search_term_string"}}],"inLanguage":"fr-FR"},{"@type":"Organization","@id":"http:\/\/www.solar-generator.tech\/fr\/#organization","name":"Solar Generator","url":"http:\/\/www.solar-generator.tech\/fr\/","logo":{"@type":"ImageObject","inLanguage":"fr-FR","@id":"http:\/\/www.solar-generator.tech\/fr\/#\/schema\/logo\/image\/","url":"https:\/\/www.solar-generator.tech\/wp-content\/uploads\/2022\/11\/favicon-1.png","contentUrl":"https:\/\/www.solar-generator.tech\/wp-content\/uploads\/2022\/11\/favicon-1.png","width":81,"height":81,"caption":"Solar Generator"},"image":{"@id":"http:\/\/www.solar-generator.tech\/fr\/#\/schema\/logo\/image\/"}},{"@type":"Person","@id":"http:\/\/www.solar-generator.tech\/fr\/#\/schema\/person\/bbf07b80c3dbf72bee9f3b2806dd7222","name":"Eddy Campbell","image":{"@type":"ImageObject","inLanguage":"fr-FR","@id":"http:\/\/www.solar-generator.tech\/fr\/#\/schema\/person\/image\/","url":"https:\/\/secure.gravatar.com\/avatar\/5e15f5dfd30b8784b340777a7b9ac599eeccadca38c454f4be87a028c0f1d990?s=96&d=mm&r=g","contentUrl":"https:\/\/secure.gravatar.com\/avatar\/5e15f5dfd30b8784b340777a7b9ac599eeccadca38c454f4be87a028c0f1d990?s=96&d=mm&r=g","caption":"Eddy Campbell"},"description":"Passionn\u00e9 et empli d'envie d'en d\u00e9couvrir toujours plus sur le sujet, j'ai d\u00e9couvert l'energie solaire il y a maintenant quelques ann\u00e9e. Depuis, je ne cesse de vouloir toujours en savoir plus et me documenter au maximum sur le sujet. Je profite de ce site pour partager mes connaissances et exp\u00e9riences.","sameAs":["https:\/\/www.solar-generator.tech"],"url":"https:\/\/www.solar-generator.tech\/fr\/author\/eddy\/"}]}},"_links":{"self":[{"href":"https:\/\/www.solar-generator.tech\/fr\/wp-json\/wp\/v2\/posts\/330","targetHints":{"allow":["GET"]}}],"collection":[{"href":"https:\/\/www.solar-generator.tech\/fr\/wp-json\/wp\/v2\/posts"}],"about":[{"href":"https:\/\/www.solar-generator.tech\/fr\/wp-json\/wp\/v2\/types\/post"}],"author":[{"embeddable":true,"href":"https:\/\/www.solar-generator.tech\/fr\/wp-json\/wp\/v2\/users\/3"}],"replies":[{"embeddable":true,"href":"https:\/\/www.solar-generator.tech\/fr\/wp-json\/wp\/v2\/comments?post=330"}],"version-history":[{"count":3,"href":"https:\/\/www.solar-generator.tech\/fr\/wp-json\/wp\/v2\/posts\/330\/revisions"}],"predecessor-version":[{"id":339,"href":"https:\/\/www.solar-generator.tech\/fr\/wp-json\/wp\/v2\/posts\/330\/revisions\/339"}],"wp:featuredmedia":[{"embeddable":true,"href":"https:\/\/www.solar-generator.tech\/fr\/wp-json\/wp\/v2\/media\/331"}],"wp:attachment":[{"href":"https:\/\/www.solar-generator.tech\/fr\/wp-json\/wp\/v2\/media?parent=330"}],"wp:term":[{"taxonomy":"category","embeddable":true,"href":"https:\/\/www.solar-generator.tech\/fr\/wp-json\/wp\/v2\/categories?post=330"},{"taxonomy":"post_tag","embeddable":true,"href":"https:\/\/www.solar-generator.tech\/fr\/wp-json\/wp\/v2\/tags?post=330"}],"curies":[{"name":"wp","href":"https:\/\/api.w.org\/{rel}","templated":true}]}}