{"id":330,"date":"2023-04-03T12:00:00","date_gmt":"2023-04-03T12:00:00","guid":{"rendered":"https:\/\/www.solar-generator.tech\/?p=330"},"modified":"2023-04-27T13:46:17","modified_gmt":"2023-04-27T13:46:17","slug":"avis-bluetti-ac300","status":"publish","type":"post","link":"https:\/\/www.solar-generator.tech\/es\/bluetti\/opinion-bluetti-ac300\/","title":{"rendered":"An\u00e1lisis del Bluetti AC300: \u00bfel generador el\u00e9ctrico solar modular adecuado para usted?"},"content":{"rendered":"<p>Dans la gamme des centrales \u00e9lectriques du fabricant Bluetti, la Bluetti AC300 est assez particuli\u00e8re. Il s\u2019agit en effet d\u2019une station modulaire. Une fois toutes ses unit\u00e9s combin\u00e9es, elle&nbsp;promet une puissance et une autonomie confortables, ainsi qu\u2019une large connectique.&nbsp;<\/p>\n\n\n\n<p>Esta central el\u00e9ctrica est\u00e1 destinada tanto a los propietarios de autocaravanas como a los hogares que buscan una fuente de energ\u00eda de reserva o de emergencia. Pero, \u00bfmerecen realmente la pena los miles de euros que cuesta adquirirla?<\/p>\n\n\n\n<h2 class=\"wp-block-heading\">Presentamos la central el\u00e9ctrica Bluetti AC300<\/h2>\n\n\n\n<p>La central el\u00e9ctrica AC300 es un dispositivo modular. Consta de<strong>una unidad principal<\/strong> y<strong>y una o m\u00e1s unidades de bater\u00edas externas B300<\/strong> (hasta 4).&nbsp;&nbsp;<\/p>\n\n\n\n<p>El generador solar port\u00e1til es el cerebro del conjunto. Pesa 20 kg y tiene unas dimensiones de 52\u00d732 cm y una altura de 35 cm. Lleva los inversores masivos, los circuitos de carga, la pantalla de control, las rejillas de ventilaci\u00f3n y todos los <strong>componentes inteligentes.<\/strong><\/p>\n\n\n\n<p>Las unidades B300 son bater\u00edas inteligentes, cada una pesa 36,1 kg y mide 52\u00d732 cm y 27 cm de altura. La B300 es una bater\u00eda que almacena energ\u00eda el\u00e9ctrica y es esencial para el funcionamiento del generador.&nbsp;<\/p>\n\n\n\n<p>La construcci\u00f3n modular de esta central el\u00e9ctrica permite <strong>transportar separadamente<\/strong> las unidades. Esto es positivo si se tiene en cuenta el peso de cada unidad. Adem\u00e1s, el transporte de las unidades se ve facilitado por las <strong>asas laterales <\/strong>moldeadas en las carcasas.<\/p>\n\n\n\n<p>Por otro lado, esto hace que el sistema sea m\u00e1s engorroso. Sin embargo, esto puede reducirse si se dispone de espacio suficiente para <strong>apilar las unidades<\/strong>.<\/p>\n\n\n\n<p>&nbsp;Los principales elementos de conexi\u00f3n est\u00e1n en la unidad AC300, pero tambi\u00e9n hay algunos en la B300. Est\u00e1n protegidos por un <strong>tap\u00f3n de goma<\/strong><\/p>\n\n\n\n<h2 class=\"wp-block-heading\">Caracter\u00edsticas del generador AC300 Bluetti<\/h2>\n\n\n\n<p>Para evaluar el rendimiento del Bluetti AC300, nos fijamos en sus principales caracter\u00edsticas.<\/p>\n\n\n\n<div class=\"wp-block-buttons is-content-justification-center is-layout-flex wp-container-core-buttons-is-layout-16018d1d wp-block-buttons-is-layout-flex\">\n<div class=\"wp-block-button is-style-fill\"><a class=\"wp-block-button__link has-accent-background-color has-background wp-element-button\" href=\"https:\/\/www.solar-generator.tech\/es\/go\/Bluetti-AC300\/\" target=\"_blank\" rel=\"noreferrer noopener\">Ver las especificaciones t\u00e9cnicas del Bluetti AC300<\/a><\/div>\n<\/div>\n\n\n\n<figure class=\"wp-block-image size-full\"><img loading=\"lazy\" decoding=\"async\" width=\"800\" height=\"600\" src=\"https:\/\/www.solar-generator.tech\/wp-content\/uploads\/2023\/04\/Bluetti-AC300.jpeg\" alt=\"Caracter\u00edsticas del generador AC300 Bluetti\" class=\"wp-image-332\" srcset=\"https:\/\/www.solar-generator.tech\/wp-content\/uploads\/2023\/04\/Bluetti-AC300.jpeg 800w, https:\/\/www.solar-generator.tech\/wp-content\/uploads\/2023\/04\/Bluetti-AC300-300x225.jpeg 300w, https:\/\/www.solar-generator.tech\/wp-content\/uploads\/2023\/04\/Bluetti-AC300-768x576.jpeg 768w, https:\/\/www.solar-generator.tech\/wp-content\/uploads\/2023\/04\/Bluetti-AC300-16x12.jpeg 16w\" sizes=\"auto, (max-width: 800px) 100vw, 800px\" \/><\/figure>\n\n\n\n<h3 class=\"wp-block-heading\">Potencia de sobra<\/h3>\n\n\n\n<p>La unidad AC300 tiene un <strong>inversor de onda sinusoidal pura<\/strong> <strong>de 3000W-6000W<\/strong>. Con este nivel de potencia, el generador es capaz de alimentar los electrodom\u00e9sticos y aparatos electr\u00f3nicos m\u00e1s comunes.<\/p>\n\n\n\n<p>Por ejemplo, tiene :<\/p>\n\n\n\n<ul class=\"wp-block-list\">\n<li>330 cargas para un smartphone ;<\/li>\n\n\n\n<li>100 cargas para un ordenador port\u00e1til;<\/li>\n\n\n\n<li>30 horas de potencia para un frigor\u00edfico.<\/li>\n<\/ul>\n\n\n\n<p>Sin embargo, nos hubiera gustado tener un <strong>IPCR<\/strong> m\u00e1s bajo. Es la cantidad de energ\u00eda que consume el SAI para mantenerse encendido. Es de 64 W y puede alcanzar los 100 W cuando el receptor Bluetooth est\u00e1 encendido. Durante 24 horas, esto equivale a utilizar 1536 Wh (aproximadamente la mitad) de la capacidad de la bater\u00eda. Por tanto, este IPCR <strong>reduce considerablemente<\/strong> <strong>la autonom\u00eda del B300<\/strong>.<\/p>\n\n\n\n<p>Al fabricante tambi\u00e9n le convendr\u00eda revisar el mecanismo de<strong>desconexi\u00f3n<\/strong> <strong>autom\u00e1tica<\/strong>. El generador s\u00f3lo se apaga autom\u00e1ticamente despu\u00e9s de 8 horas sin uso. Transcurrido este tiempo, ya se han utilizado 512 Wh, es decir, aproximadamente el 17% de la capacidad de la bater\u00eda. Se trata de una p\u00e9rdida importante de energ\u00eda.&nbsp;<\/p>\n\n\n\n<p>Por lo tanto, es deseable un periodo de tiempo m\u00e1s corto para que esta funci\u00f3n sea totalmente eficaz.<\/p>\n\n\n\n<h3 class=\"wp-block-heading\">Amplia gama de conexiones para satisfacer todas las necesidades<\/h3>\n\n\n\n<p>El AC300 dispone de 16 puertos de salida:<\/p>\n\n\n\n<ul class=\"wp-block-list\">\n<li>6 AC (corriente continua) 220V 20A (en el modelo del Reino Unido) o 110V ;<\/li>\n\n\n\n<li>1 puerto de coche de 24V 10A;<\/li>\n\n\n\n<li>1 salida de 12V 30A para veh\u00edculos recreativos;<\/li>\n\n\n\n<li>1 puerto USB-C 100W;<\/li>\n\n\n\n<li>2 puertos USB-A 5V 2A;<\/li>\n\n\n\n<li>2 puertos de carga r\u00e1pida USB-A 18W;<\/li>\n\n\n\n<li>2 almohadillas de carga inal\u00e1mbrica Qi de 15 W.<\/li>\n<\/ul>\n\n\n\n<p>Para controlar (activar y desactivar) estos diferentes puertos, basta con utilizar la <strong>pantalla t\u00e1ctil<\/strong>&nbsp;<\/p>\n\n\n\n<p>Adem\u00e1s de estos puertos de salida, la unidad de bater\u00eda B300 tiene otros 3 puertos:<\/p>\n\n\n\n<ul class=\"wp-block-list\">\n<li>1 puerto de coche de 12V;<\/li>\n\n\n\n<li>1 puerto USB-C 100W PD;<\/li>\n\n\n\n<li>1 puerto USB-A de carga r\u00e1pida de 18 W.<\/li>\n<\/ul>\n\n\n\n<p>Estos se controlan desde un <strong>interruptor com\u00fan <\/strong>en la parte frontal del B300, por lo que no se pueden activar\/desactivar desde el AC300.<\/p>\n\n\n\n<h3 class=\"wp-block-heading\">Duraci\u00f3n de la bater\u00eda ampliable a voluntad<\/h3>\n\n\n\n<p>Cada unidad de bater\u00eda externa B300 est\u00e1 compuesta por <strong>celdas LiFePO4<\/strong> que ofrecen hasta 3500 ciclos de carga al 100%. Con una capacidad nominal b\u00e1sica de <strong>3074<\/strong>&nbsp;<strong>Wh<\/strong>, este tipo de bater\u00eda todav\u00eda puede ofrecer una capacidad de unos 2500 Wh despu\u00e9s de 10 a\u00f1os de uso. Esto significa que le servir\u00e1 durante muchos a\u00f1os.<\/p>\n\n\n\n<p>Como ya se ha mencionado, la AC300 puede conectarse a un m\u00e1ximo de 4 bater\u00edas B300, lo que da una capacidad de carga total de <strong>12<\/strong><strong>\u2009<\/strong><strong>296 Wh.&nbsp;<\/strong><\/p>\n\n\n\n<p>Y eso no es todo. Tambi\u00e9n puede conectar 2 unidades AC300 juntas, a\u00f1adiendo 4 bater\u00edas B300 al sistema. De este modo, pasar\u00e1 de 12.296 Wh a <strong>24<\/strong><strong>\u2009<\/strong><strong>592 Wh<\/strong>&nbsp;!<\/p>\n\n\n\n<p>Point int\u00e9ressant, les smart batteries B300 peuvent fonctionner ind\u00e9pendamment de l\u2019unit\u00e9&nbsp;AC300. Vous pouvez donc vous en contenter si l\u2019AC300 est en panne ou si vous disposez de peu d\u2019espace. Cependant, elle reste limit\u00e9e en mati\u00e8re de connectique et ne poss\u00e8de pas d\u2019\u00e9cran tactile.<\/p>\n\n\n\n<div class=\"wp-block-media-text alignwide is-stacked-on-mobile\"><figure class=\"wp-block-media-text__media\"><img loading=\"lazy\" decoding=\"async\" width=\"800\" height=\"500\" src=\"https:\/\/www.solar-generator.tech\/wp-content\/uploads\/2023\/04\/Bluetti-AC300-2.jpeg\" alt=\"Bater\u00eda de mayor duraci\u00f3n para su Bluetti AC300\" class=\"wp-image-333 size-full\" srcset=\"https:\/\/www.solar-generator.tech\/wp-content\/uploads\/2023\/04\/Bluetti-AC300-2.jpeg 800w, https:\/\/www.solar-generator.tech\/wp-content\/uploads\/2023\/04\/Bluetti-AC300-2-300x188.jpeg 300w, https:\/\/www.solar-generator.tech\/wp-content\/uploads\/2023\/04\/Bluetti-AC300-2-768x480.jpeg 768w, https:\/\/www.solar-generator.tech\/wp-content\/uploads\/2023\/04\/Bluetti-AC300-2-18x12.jpeg 18w\" sizes=\"auto, (max-width: 800px) 100vw, 800px\" \/><\/figure><div class=\"wp-block-media-text__content\">\n<p>Pour recharger votre centrale \u00e9lectrique, vous avez le choix entre&nbsp;:<\/p>\n\n\n\n<ul class=\"wp-block-list\">\n<li>Paneles solares (2 paneles de 350 W + 1 panel de 200 W);<\/li>\n\n\n\n<li>Enchufes dom\u00e9sticos;<\/li>\n\n\n\n<li>Un encendedor de 24V\/12V.<\/li>\n<\/ul>\n<\/div><\/div>\n\n\n\n<p>Estos m\u00e9todos le permiten cargar su aparato en 3-4 h, 5 h y 10\/20 h respectivamente. Por tanto, la carga solar a 900 W es la m\u00e1s r\u00e1pida, seguida de la carga desde un enchufe de pared. Si opta por paneles solares, los <strong>reguladores MPPT <\/strong>optimizan la carga.&nbsp;<\/p>\n\n\n\n<p>Tenga en cuenta que si conecta dos m\u00f3dulos B300 a su unidad AC300, podr\u00e1 utilizar simult\u00e1neamente la carga solar y la de pared.<\/p>\n\n\n\n<h3 class=\"wp-block-heading\">La pantalla LCD y la aplicaci\u00f3n<\/h3>\n\n\n\n<p>La pantalla t\u00e1ctil del Bluetti AC300 es grande, sensible, colorida y <strong>brillante<\/strong>. Sin embargo, aunque la pantalla principal proporciona informaci\u00f3n importante sobre las entradas y salidas, no muestra la capacidad restante de la bater\u00eda.<\/p>\n\n\n\n<p>Tambi\u00e9n hay un <strong>men\u00fa<\/strong> con opciones para el ventilador, el voltaje del controlador MPPT, el estado del B300, etc. La aplicaci\u00f3n m\u00f3vil de Bluetti se conecta al generador a trav\u00e9s de <strong>Bluetooth o Wifi<\/strong>. Ofrece menos opciones que la pantalla LCD, pero proporciona lo esencial que puedas necesitar.<\/p>\n\n\n\n<h2 class=\"wp-block-heading\">Puntos fuertes y d\u00e9biles del dispositivo<\/h2>\n\n\n\n<h3 class=\"wp-block-heading\">Puntos fuertes<\/h3>\n\n\n\n<ul class=\"wp-block-list\">\n<li>Su construcci\u00f3n modular;<\/li>\n\n\n\n<li>Sus variados modos de carga;<\/li>\n\n\n\n<li>Su amplia y variada gama de conexiones ;<\/li>\n\n\n\n<li>Su bater\u00eda potente y avanzada;<\/li>\n\n\n\n<li>Su control inteligente a trav\u00e9s de la aplicaci\u00f3n m\u00f3vil;<\/li>\n\n\n\n<li>Su alta potencia y capacidad de carga ampliable.<\/li>\n<\/ul>\n\n\n\n<h3 class=\"wp-block-heading\">Puntos negativos<\/h3>\n\n\n\n<ul class=\"wp-block-list\">\n<li>Su alto IPCR ;<\/li>\n\n\n\n<li>Su tama\u00f1o ;<\/li>\n\n\n\n<li>Su pantalla LCD es un poco limitada.<\/li>\n\n\n\n<li>Su precio<\/li>\n<\/ul>\n\n\n\n<div class=\"wp-block-buttons is-content-justification-center is-layout-flex wp-container-core-buttons-is-layout-16018d1d wp-block-buttons-is-layout-flex\">\n<div class=\"wp-block-button is-style-fill\"><a class=\"wp-block-button__link has-accent-background-color has-background wp-element-button\" href=\"https:\/\/www.solar-generator.tech\/es\/go\/Bluetti-AC300\/\" target=\"_blank\" rel=\"noreferrer noopener\">Comprar el Bluetti AC300<\/a><\/div>\n<\/div>\n\n\n\n<h2 class=\"wp-block-heading\">Nuestra opini\u00f3n final sobre la Bluetti AC300<\/h2>\n\n\n\n<p>La escalabilidad de la capacidad de la bater\u00eda es probablemente el mayor punto fuerte de la estaci\u00f3n de alimentaci\u00f3n dom\u00e9stica Bluetti AC300. Con sus numerosas salidas y potencias, puede alimentar todos tus aparatos durante mucho tiempo. Y gracias a la tecnolog\u00eda LiFePO4, podr\u00e1 disfrutar del mismo rendimiento de la bater\u00eda durante unos 10 a\u00f1os. Esto convierte a la Bluetti AC300 en una excelente opci\u00f3n para alimentar su autocaravana o su hogar.<\/p>\n\n\n\n<div class=\"wp-block-buttons is-content-justification-center is-layout-flex wp-container-core-buttons-is-layout-16018d1d wp-block-buttons-is-layout-flex\">\n<div class=\"wp-block-button is-style-fill\"><a class=\"wp-block-button__link has-accent-background-color has-background wp-element-button\" href=\"https:\/\/www.solar-generator.tech\/es\/go\/Bluetti-AC300\/\" target=\"_blank\" rel=\"noreferrer noopener\">Comprar el Bluetti AC300<\/a><\/div>\n<\/div>","protected":false},"excerpt":{"rendered":"<p>Dans la gamme des centrales \u00e9lectriques du fabricant Bluetti, la Bluetti AC300 est assez particuli\u00e8re. Il s\u2019agit en effet d\u2019une station modulaire. Une fois toutes ses unit\u00e9s combin\u00e9es, elle&nbsp;promet une puissance et une autonomie confortables, ainsi qu\u2019une large connectique.&nbsp; Cette station d\u2019\u00e9nergie \u00e9lectrique se destine aussi bien aux camping-caristes qu\u2019aux foyers recherchant une source d\u2019\u00e9nergie &#8230; <a title=\"An\u00e1lisis del Bluetti AC300: \u00bfel generador el\u00e9ctrico solar modular adecuado para usted?\" class=\"read-more\" href=\"https:\/\/www.solar-generator.tech\/es\/bluetti\/opinion-bluetti-ac300\/\" aria-label=\"M\u00e1s en Avis Bluetti\u00a0AC300\u00a0: le g\u00e9n\u00e9rateur \u00e9lectrique solaire modulaire qu\u2019il vous faut\u2009?\">Leer m\u00e1s<\/a><\/p>","protected":false},"author":3,"featured_media":331,"comment_status":"open","ping_status":"open","sticky":false,"template":"","format":"standard","meta":{"footnotes":""},"categories":[4],"tags":[],"class_list":["post-330","post","type-post","status-publish","format-standard","has-post-thumbnail","hentry","category-bluetti"],"yoast_head":"<!-- This site is optimized with the Yoast SEO plugin v23.4 - https:\/\/yoast.com\/wordpress\/plugins\/seo\/ -->\n<title>Avis Bluetti\u00a0AC300\u00a0: le g\u00e9n\u00e9rateur \u00e9lectrique solaire modulaire qu\u2019il vous faut\u2009? - Solar Generator<\/title>\n<meta name=\"description\" content=\"D\u00e9couvrez dans cet article notre avis de la Bluetti AC300 : que vaut-elle vraiment et faut-il se la procurer ?\" \/>\n<meta name=\"robots\" content=\"index, follow, max-snippet:-1, max-image-preview:large, max-video-preview:-1\" \/>\n<link rel=\"canonical\" href=\"https:\/\/www.solar-generator.tech\/es\/bluetti\/opinion-bluetti-ac300\/\" \/>\n<meta property=\"og:locale\" content=\"es_ES\" \/>\n<meta property=\"og:type\" content=\"article\" \/>\n<meta property=\"og:title\" content=\"Avis Bluetti\u00a0AC300\u00a0: le g\u00e9n\u00e9rateur \u00e9lectrique solaire modulaire qu\u2019il vous faut\u2009? - Solar Generator\" \/>\n<meta property=\"og:description\" content=\"D\u00e9couvrez dans cet article notre avis de la Bluetti AC300 : que vaut-elle vraiment et faut-il se la procurer ?\" \/>\n<meta property=\"og:url\" content=\"https:\/\/www.solar-generator.tech\/es\/bluetti\/opinion-bluetti-ac300\/\" \/>\n<meta property=\"og:site_name\" content=\"Solar Generator\" \/>\n<meta property=\"article:published_time\" content=\"2023-04-03T12:00:00+00:00\" \/>\n<meta property=\"article:modified_time\" content=\"2023-04-27T13:46:17+00:00\" \/>\n<meta property=\"og:image\" content=\"https:\/\/www.solar-generator.tech\/wp-content\/uploads\/2023\/04\/AC300-BLUETTI_AC300.jpg\" \/>\n\t<meta property=\"og:image:width\" content=\"600\" \/>\n\t<meta property=\"og:image:height\" content=\"600\" \/>\n\t<meta property=\"og:image:type\" content=\"image\/jpeg\" \/>\n<meta name=\"author\" content=\"Eddy Campbell\" \/>\n<meta name=\"twitter:card\" content=\"summary_large_image\" \/>\n<meta name=\"twitter:label1\" content=\"Escrito por\" \/>\n\t<meta name=\"twitter:data1\" content=\"Eddy Campbell\" \/>\n\t<meta name=\"twitter:label2\" content=\"Tiempo de lectura\" \/>\n\t<meta name=\"twitter:data2\" content=\"7 minutos\" \/>\n<script type=\"application\/ld+json\" class=\"yoast-schema-graph\">{\"@context\":\"https:\/\/schema.org\",\"@graph\":[{\"@type\":\"Article\",\"@id\":\"https:\/\/www.solar-generator.tech\/bluetti\/avis-bluetti-ac300\/#article\",\"isPartOf\":{\"@id\":\"https:\/\/www.solar-generator.tech\/bluetti\/avis-bluetti-ac300\/\"},\"author\":{\"name\":\"Eddy Campbell\",\"@id\":\"http:\/\/www.solar-generator.tech\/fr\/#\/schema\/person\/bbf07b80c3dbf72bee9f3b2806dd7222\"},\"headline\":\"Avis Bluetti\u00a0AC300\u00a0: le g\u00e9n\u00e9rateur \u00e9lectrique solaire modulaire qu\u2019il vous faut\u2009?\",\"datePublished\":\"2023-04-03T12:00:00+00:00\",\"dateModified\":\"2023-04-27T13:46:17+00:00\",\"mainEntityOfPage\":{\"@id\":\"https:\/\/www.solar-generator.tech\/bluetti\/avis-bluetti-ac300\/\"},\"wordCount\":1336,\"commentCount\":1,\"publisher\":{\"@id\":\"http:\/\/www.solar-generator.tech\/fr\/#organization\"},\"image\":{\"@id\":\"https:\/\/www.solar-generator.tech\/bluetti\/avis-bluetti-ac300\/#primaryimage\"},\"thumbnailUrl\":\"https:\/\/www.solar-generator.tech\/wp-content\/uploads\/2023\/04\/AC300-BLUETTI_AC300.jpg\",\"articleSection\":[\"Bluetti\"],\"inLanguage\":\"es\",\"potentialAction\":[{\"@type\":\"CommentAction\",\"name\":\"Comment\",\"target\":[\"https:\/\/www.solar-generator.tech\/bluetti\/avis-bluetti-ac300\/#respond\"]}]},{\"@type\":\"WebPage\",\"@id\":\"https:\/\/www.solar-generator.tech\/bluetti\/avis-bluetti-ac300\/\",\"url\":\"https:\/\/www.solar-generator.tech\/bluetti\/avis-bluetti-ac300\/\",\"name\":\"Avis Bluetti\u00a0AC300\u00a0: le g\u00e9n\u00e9rateur \u00e9lectrique solaire modulaire qu\u2019il vous faut\u2009? - Solar Generator\",\"isPartOf\":{\"@id\":\"http:\/\/www.solar-generator.tech\/fr\/#website\"},\"primaryImageOfPage\":{\"@id\":\"https:\/\/www.solar-generator.tech\/bluetti\/avis-bluetti-ac300\/#primaryimage\"},\"image\":{\"@id\":\"https:\/\/www.solar-generator.tech\/bluetti\/avis-bluetti-ac300\/#primaryimage\"},\"thumbnailUrl\":\"https:\/\/www.solar-generator.tech\/wp-content\/uploads\/2023\/04\/AC300-BLUETTI_AC300.jpg\",\"datePublished\":\"2023-04-03T12:00:00+00:00\",\"dateModified\":\"2023-04-27T13:46:17+00:00\",\"description\":\"D\u00e9couvrez dans cet article notre avis de la Bluetti AC300 : que vaut-elle vraiment et faut-il se la procurer ?\",\"breadcrumb\":{\"@id\":\"https:\/\/www.solar-generator.tech\/bluetti\/avis-bluetti-ac300\/#breadcrumb\"},\"inLanguage\":\"es\",\"potentialAction\":[{\"@type\":\"ReadAction\",\"target\":[\"https:\/\/www.solar-generator.tech\/bluetti\/avis-bluetti-ac300\/\"]}]},{\"@type\":\"ImageObject\",\"inLanguage\":\"es\",\"@id\":\"https:\/\/www.solar-generator.tech\/bluetti\/avis-bluetti-ac300\/#primaryimage\",\"url\":\"https:\/\/www.solar-generator.tech\/wp-content\/uploads\/2023\/04\/AC300-BLUETTI_AC300.jpg\",\"contentUrl\":\"https:\/\/www.solar-generator.tech\/wp-content\/uploads\/2023\/04\/AC300-BLUETTI_AC300.jpg\",\"width\":600,\"height\":600,\"caption\":\"Avis Bluetti\u00a0AC300\u00a0: le g\u00e9n\u00e9rateur \u00e9lectrique solaire modulaire qu\u2019il vous faut\u2009?\"},{\"@type\":\"BreadcrumbList\",\"@id\":\"https:\/\/www.solar-generator.tech\/bluetti\/avis-bluetti-ac300\/#breadcrumb\",\"itemListElement\":[{\"@type\":\"ListItem\",\"position\":1,\"name\":\"Accueil\",\"item\":\"https:\/\/www.solar-generator.tech\/\"},{\"@type\":\"ListItem\",\"position\":2,\"name\":\"Bluetti\",\"item\":\"https:\/\/www.solar-generator.tech\/en\/bluetti\/\"},{\"@type\":\"ListItem\",\"position\":3,\"name\":\"Avis Bluetti\u00a0AC300\u00a0: le g\u00e9n\u00e9rateur \u00e9lectrique solaire modulaire qu\u2019il vous faut\u2009?\"}]},{\"@type\":\"WebSite\",\"@id\":\"http:\/\/www.solar-generator.tech\/fr\/#website\",\"url\":\"http:\/\/www.solar-generator.tech\/fr\/\",\"name\":\"Solar Generator\",\"description\":\"La r\u00e9f\u00e9rence sur le g\u00e9n\u00e9rateur solaire\",\"publisher\":{\"@id\":\"http:\/\/www.solar-generator.tech\/fr\/#organization\"},\"potentialAction\":[{\"@type\":\"SearchAction\",\"target\":{\"@type\":\"EntryPoint\",\"urlTemplate\":\"http:\/\/www.solar-generator.tech\/fr\/?s={search_term_string}\"},\"query-input\":{\"@type\":\"PropertyValueSpecification\",\"valueRequired\":true,\"valueName\":\"search_term_string\"}}],\"inLanguage\":\"es\"},{\"@type\":\"Organization\",\"@id\":\"http:\/\/www.solar-generator.tech\/fr\/#organization\",\"name\":\"Solar Generator\",\"url\":\"http:\/\/www.solar-generator.tech\/fr\/\",\"logo\":{\"@type\":\"ImageObject\",\"inLanguage\":\"es\",\"@id\":\"http:\/\/www.solar-generator.tech\/fr\/#\/schema\/logo\/image\/\",\"url\":\"https:\/\/www.solar-generator.tech\/wp-content\/uploads\/2022\/11\/favicon-1.png\",\"contentUrl\":\"https:\/\/www.solar-generator.tech\/wp-content\/uploads\/2022\/11\/favicon-1.png\",\"width\":81,\"height\":81,\"caption\":\"Solar Generator\"},\"image\":{\"@id\":\"http:\/\/www.solar-generator.tech\/fr\/#\/schema\/logo\/image\/\"}},{\"@type\":\"Person\",\"@id\":\"http:\/\/www.solar-generator.tech\/fr\/#\/schema\/person\/bbf07b80c3dbf72bee9f3b2806dd7222\",\"name\":\"Eddy Campbell\",\"image\":{\"@type\":\"ImageObject\",\"inLanguage\":\"es\",\"@id\":\"http:\/\/www.solar-generator.tech\/fr\/#\/schema\/person\/image\/\",\"url\":\"https:\/\/secure.gravatar.com\/avatar\/5e15f5dfd30b8784b340777a7b9ac599eeccadca38c454f4be87a028c0f1d990?s=96&d=mm&r=g\",\"contentUrl\":\"https:\/\/secure.gravatar.com\/avatar\/5e15f5dfd30b8784b340777a7b9ac599eeccadca38c454f4be87a028c0f1d990?s=96&d=mm&r=g\",\"caption\":\"Eddy Campbell\"},\"description\":\"Passionn\u00e9 et empli d'envie d'en d\u00e9couvrir toujours plus sur le sujet, j'ai d\u00e9couvert l'energie solaire il y a maintenant quelques ann\u00e9e. Depuis, je ne cesse de vouloir toujours en savoir plus et me documenter au maximum sur le sujet. Je profite de ce site pour partager mes connaissances et exp\u00e9riences.\",\"sameAs\":[\"https:\/\/www.solar-generator.tech\"],\"url\":\"https:\/\/www.solar-generator.tech\/es\/author\/eddy\/\"}]}<\/script>\n<!-- \/ Yoast SEO plugin. -->","yoast_head_json":{"title":"Avis Bluetti\u00a0AC300\u00a0: le g\u00e9n\u00e9rateur \u00e9lectrique solaire modulaire qu\u2019il vous faut\u2009? - Solar Generator","description":"D\u00e9couvrez dans cet article notre avis de la Bluetti AC300 : que vaut-elle vraiment et faut-il se la procurer ?","robots":{"index":"index","follow":"follow","max-snippet":"max-snippet:-1","max-image-preview":"max-image-preview:large","max-video-preview":"max-video-preview:-1"},"canonical":"https:\/\/www.solar-generator.tech\/es\/bluetti\/opinion-bluetti-ac300\/","og_locale":"es_ES","og_type":"article","og_title":"Avis Bluetti\u00a0AC300\u00a0: le g\u00e9n\u00e9rateur \u00e9lectrique solaire modulaire qu\u2019il vous faut\u2009? - Solar Generator","og_description":"D\u00e9couvrez dans cet article notre avis de la Bluetti AC300 : que vaut-elle vraiment et faut-il se la procurer ?","og_url":"https:\/\/www.solar-generator.tech\/es\/bluetti\/opinion-bluetti-ac300\/","og_site_name":"Solar Generator","article_published_time":"2023-04-03T12:00:00+00:00","article_modified_time":"2023-04-27T13:46:17+00:00","og_image":[{"width":600,"height":600,"url":"https:\/\/www.solar-generator.tech\/wp-content\/uploads\/2023\/04\/AC300-BLUETTI_AC300.jpg","type":"image\/jpeg"}],"author":"Eddy Campbell","twitter_card":"summary_large_image","twitter_misc":{"Escrito por":"Eddy Campbell","Tiempo de lectura":"7 minutos"},"schema":{"@context":"https:\/\/schema.org","@graph":[{"@type":"Article","@id":"https:\/\/www.solar-generator.tech\/bluetti\/avis-bluetti-ac300\/#article","isPartOf":{"@id":"https:\/\/www.solar-generator.tech\/bluetti\/avis-bluetti-ac300\/"},"author":{"name":"Eddy Campbell","@id":"http:\/\/www.solar-generator.tech\/fr\/#\/schema\/person\/bbf07b80c3dbf72bee9f3b2806dd7222"},"headline":"Avis Bluetti\u00a0AC300\u00a0: le g\u00e9n\u00e9rateur \u00e9lectrique solaire modulaire qu\u2019il vous faut\u2009?","datePublished":"2023-04-03T12:00:00+00:00","dateModified":"2023-04-27T13:46:17+00:00","mainEntityOfPage":{"@id":"https:\/\/www.solar-generator.tech\/bluetti\/avis-bluetti-ac300\/"},"wordCount":1336,"commentCount":1,"publisher":{"@id":"http:\/\/www.solar-generator.tech\/fr\/#organization"},"image":{"@id":"https:\/\/www.solar-generator.tech\/bluetti\/avis-bluetti-ac300\/#primaryimage"},"thumbnailUrl":"https:\/\/www.solar-generator.tech\/wp-content\/uploads\/2023\/04\/AC300-BLUETTI_AC300.jpg","articleSection":["Bluetti"],"inLanguage":"es","potentialAction":[{"@type":"CommentAction","name":"Comment","target":["https:\/\/www.solar-generator.tech\/bluetti\/avis-bluetti-ac300\/#respond"]}]},{"@type":"WebPage","@id":"https:\/\/www.solar-generator.tech\/bluetti\/avis-bluetti-ac300\/","url":"https:\/\/www.solar-generator.tech\/bluetti\/avis-bluetti-ac300\/","name":"Avis Bluetti\u00a0AC300\u00a0: le g\u00e9n\u00e9rateur \u00e9lectrique solaire modulaire qu\u2019il vous faut\u2009? - Solar Generator","isPartOf":{"@id":"http:\/\/www.solar-generator.tech\/fr\/#website"},"primaryImageOfPage":{"@id":"https:\/\/www.solar-generator.tech\/bluetti\/avis-bluetti-ac300\/#primaryimage"},"image":{"@id":"https:\/\/www.solar-generator.tech\/bluetti\/avis-bluetti-ac300\/#primaryimage"},"thumbnailUrl":"https:\/\/www.solar-generator.tech\/wp-content\/uploads\/2023\/04\/AC300-BLUETTI_AC300.jpg","datePublished":"2023-04-03T12:00:00+00:00","dateModified":"2023-04-27T13:46:17+00:00","description":"D\u00e9couvrez dans cet article notre avis de la Bluetti AC300 : que vaut-elle vraiment et faut-il se la procurer ?","breadcrumb":{"@id":"https:\/\/www.solar-generator.tech\/bluetti\/avis-bluetti-ac300\/#breadcrumb"},"inLanguage":"es","potentialAction":[{"@type":"ReadAction","target":["https:\/\/www.solar-generator.tech\/bluetti\/avis-bluetti-ac300\/"]}]},{"@type":"ImageObject","inLanguage":"es","@id":"https:\/\/www.solar-generator.tech\/bluetti\/avis-bluetti-ac300\/#primaryimage","url":"https:\/\/www.solar-generator.tech\/wp-content\/uploads\/2023\/04\/AC300-BLUETTI_AC300.jpg","contentUrl":"https:\/\/www.solar-generator.tech\/wp-content\/uploads\/2023\/04\/AC300-BLUETTI_AC300.jpg","width":600,"height":600,"caption":"Avis Bluetti\u00a0AC300\u00a0: le g\u00e9n\u00e9rateur \u00e9lectrique solaire modulaire qu\u2019il vous faut\u2009?"},{"@type":"BreadcrumbList","@id":"https:\/\/www.solar-generator.tech\/bluetti\/avis-bluetti-ac300\/#breadcrumb","itemListElement":[{"@type":"ListItem","position":1,"name":"Accueil","item":"https:\/\/www.solar-generator.tech\/"},{"@type":"ListItem","position":2,"name":"Bluetti","item":"https:\/\/www.solar-generator.tech\/en\/bluetti\/"},{"@type":"ListItem","position":3,"name":"Avis Bluetti\u00a0AC300\u00a0: le g\u00e9n\u00e9rateur \u00e9lectrique solaire modulaire qu\u2019il vous faut\u2009?"}]},{"@type":"WebSite","@id":"http:\/\/www.solar-generator.tech\/fr\/#website","url":"http:\/\/www.solar-generator.tech\/fr\/","name":"Solar Generator","description":"La r\u00e9f\u00e9rence sur le g\u00e9n\u00e9rateur solaire","publisher":{"@id":"http:\/\/www.solar-generator.tech\/fr\/#organization"},"potentialAction":[{"@type":"SearchAction","target":{"@type":"EntryPoint","urlTemplate":"http:\/\/www.solar-generator.tech\/fr\/?s={search_term_string}"},"query-input":{"@type":"PropertyValueSpecification","valueRequired":true,"valueName":"search_term_string"}}],"inLanguage":"es"},{"@type":"Organization","@id":"http:\/\/www.solar-generator.tech\/fr\/#organization","name":"Solar Generator","url":"http:\/\/www.solar-generator.tech\/fr\/","logo":{"@type":"ImageObject","inLanguage":"es","@id":"http:\/\/www.solar-generator.tech\/fr\/#\/schema\/logo\/image\/","url":"https:\/\/www.solar-generator.tech\/wp-content\/uploads\/2022\/11\/favicon-1.png","contentUrl":"https:\/\/www.solar-generator.tech\/wp-content\/uploads\/2022\/11\/favicon-1.png","width":81,"height":81,"caption":"Solar Generator"},"image":{"@id":"http:\/\/www.solar-generator.tech\/fr\/#\/schema\/logo\/image\/"}},{"@type":"Person","@id":"http:\/\/www.solar-generator.tech\/fr\/#\/schema\/person\/bbf07b80c3dbf72bee9f3b2806dd7222","name":"Eddy Campbell","image":{"@type":"ImageObject","inLanguage":"es","@id":"http:\/\/www.solar-generator.tech\/fr\/#\/schema\/person\/image\/","url":"https:\/\/secure.gravatar.com\/avatar\/5e15f5dfd30b8784b340777a7b9ac599eeccadca38c454f4be87a028c0f1d990?s=96&d=mm&r=g","contentUrl":"https:\/\/secure.gravatar.com\/avatar\/5e15f5dfd30b8784b340777a7b9ac599eeccadca38c454f4be87a028c0f1d990?s=96&d=mm&r=g","caption":"Eddy Campbell"},"description":"Passionn\u00e9 et empli d'envie d'en d\u00e9couvrir toujours plus sur le sujet, j'ai d\u00e9couvert l'energie solaire il y a maintenant quelques ann\u00e9e. Depuis, je ne cesse de vouloir toujours en savoir plus et me documenter au maximum sur le sujet. Je profite de ce site pour partager mes connaissances et exp\u00e9riences.","sameAs":["https:\/\/www.solar-generator.tech"],"url":"https:\/\/www.solar-generator.tech\/es\/author\/eddy\/"}]}},"_links":{"self":[{"href":"https:\/\/www.solar-generator.tech\/es\/wp-json\/wp\/v2\/posts\/330","targetHints":{"allow":["GET"]}}],"collection":[{"href":"https:\/\/www.solar-generator.tech\/es\/wp-json\/wp\/v2\/posts"}],"about":[{"href":"https:\/\/www.solar-generator.tech\/es\/wp-json\/wp\/v2\/types\/post"}],"author":[{"embeddable":true,"href":"https:\/\/www.solar-generator.tech\/es\/wp-json\/wp\/v2\/users\/3"}],"replies":[{"embeddable":true,"href":"https:\/\/www.solar-generator.tech\/es\/wp-json\/wp\/v2\/comments?post=330"}],"version-history":[{"count":3,"href":"https:\/\/www.solar-generator.tech\/es\/wp-json\/wp\/v2\/posts\/330\/revisions"}],"predecessor-version":[{"id":339,"href":"https:\/\/www.solar-generator.tech\/es\/wp-json\/wp\/v2\/posts\/330\/revisions\/339"}],"wp:featuredmedia":[{"embeddable":true,"href":"https:\/\/www.solar-generator.tech\/es\/wp-json\/wp\/v2\/media\/331"}],"wp:attachment":[{"href":"https:\/\/www.solar-generator.tech\/es\/wp-json\/wp\/v2\/media?parent=330"}],"wp:term":[{"taxonomy":"category","embeddable":true,"href":"https:\/\/www.solar-generator.tech\/es\/wp-json\/wp\/v2\/categories?post=330"},{"taxonomy":"post_tag","embeddable":true,"href":"https:\/\/www.solar-generator.tech\/es\/wp-json\/wp\/v2\/tags?post=330"}],"curies":[{"name":"wp","href":"https:\/\/api.w.org\/{rel}","templated":true}]}}